{"id":15073,"date":"2019-11-27T12:32:41","date_gmt":"2019-11-27T11:32:41","guid":{"rendered":"https:\/\/www.alarmautomatika.com\/?p=15073"},"modified":"2021-07-02T12:42:23","modified_gmt":"2021-07-02T10:42:23","slug":"zaklada-sveucilista-u-rijeci-dodijelila-nagradu-za-transfer-znanja","status":"publish","type":"post","link":"https:\/\/www.alarmautomatika.com\/hr\/novosti\/zaklada-sveucilista-u-rijeci-dodijelila-nagradu-za-transfer-znanja\/","title":{"rendered":"Zaklada Sveu\u010dili\u0161ta u Rijeci dodijelila Nagradu za transfer znanja"},"content":{"rendered":"<p>[et_pb_section fb_built=&#8221;1&#8243; _builder_version=&#8221;4.9.7&#8243; _module_preset=&#8221;default&#8221;][et_pb_row _builder_version=&#8221;4.9.7&#8243; _module_preset=&#8221;default&#8221;][et_pb_column type=&#8221;4_4&#8243; _builder_version=&#8221;4.9.7&#8243; _module_preset=&#8221;default&#8221;][et_pb_text _builder_version=&#8221;4.9.7&#8243; _module_preset=&#8221;default&#8221;]Zaklada Sveu\u010dili\u0161ta u Rijeci raspisala je natje\u010daj u suradnji s tvrtkom partner Alarm automatika d.o.o. u sklopu programa Rije\u010dka ideja s ciljem prepoznavanja i nagra\u0111ivanja primjera dobre prakse, odnosno uspje\u0161nih transfera znanja sa Sveu\u010dili\u0161ta u Rijeci u gospodarsku i \u0161iru zajednicu.<\/p>\n<p>Natje\u010daj je bio otvoren od 27. lipnja do 27. rujna 2019. godine, a zaprimljeno je ukupno \u0161est prijava.<\/p>\n<p>Upravni odbor Zaklade Sveu\u010dili\u0161ta u Rijeci na svojoj je 83. sjednici odr\u017eanoj 5. studenog 2019. donio Odluku o dodjeli Nagrade za transfer znanja. Nagra\u0111uje se primjer dobre prakse uspje\u0161nog transfera znanja pod nazivom Informati\u010dka potpora osobama s disleksijom za efikasnije \u010ditanje uz pomo\u0107 slogovne metode (SyllAssist). Nagrada se dodjeljuje timu u sastavu: izv. prof. dr. sc. Ana Me\u0161trovi\u0107, Odjel za informatiku Sveu\u010dili\u0161ta u Rijeci, izv. prof. dr. sc. Mihaela Mate\u0161i\u0107, Filozofski fakultet Sveu\u010dili\u0161ta u Rijeci i prof. dr. sc. Sanda Martin\u010di\u0107-Ip\u0161i\u0107, Odjel za informatiku Sveu\u010dili\u0161ta u Rijeci.<\/p>\n<p>Iskrene \u010destitke nagra\u0111enima![\/et_pb_text][\/et_pb_column][\/et_pb_row][\/et_pb_section]<\/p>\n","protected":false},"excerpt":{"rendered":"<p>Zaklada Sveu\u010dili\u0161ta u Rijeci raspisala je natje\u010daj u suradnji s tvrtkom partner Alarm automatika d.o.o. u sklopu programa Rije\u010dka ideja s ciljem prepoznavanja i nagra\u0111ivanja primjera dobre prakse, odnosno uspje\u0161nih transfera znanja sa Sveu\u010dili\u0161ta u Rijeci u gospodarsku i \u0161iru zajednicu. Natje\u010daj je bio otvoren od 27. lipnja do 27. rujna 2019. godine, a zaprimljeno [&hellip;]<\/p>\n","protected":false},"author":15,"featured_media":15076,"comment_status":"closed","ping_status":"closed","sticky":false,"template":"","format":"standard","meta":{"_et_pb_use_builder":"on","_et_pb_old_content":"","_et_gb_content_width":"","footnotes":""},"categories":[1],"tags":[],"class_list":["post-15073","post","type-post","status-publish","format-standard","has-post-thumbnail","hentry","category-novosti"],"_links":{"self":[{"href":"https:\/\/www.alarmautomatika.com\/hr\/wp-json\/wp\/v2\/posts\/15073","targetHints":{"allow":["GET"]}}],"collection":[{"href":"https:\/\/www.alarmautomatika.com\/hr\/wp-json\/wp\/v2\/posts"}],"about":[{"href":"https:\/\/www.alarmautomatika.com\/hr\/wp-json\/wp\/v2\/types\/post"}],"author":[{"embeddable":true,"href":"https:\/\/www.alarmautomatika.com\/hr\/wp-json\/wp\/v2\/users\/15"}],"replies":[{"embeddable":true,"href":"https:\/\/www.alarmautomatika.com\/hr\/wp-json\/wp\/v2\/comments?post=15073"}],"version-history":[{"count":0,"href":"https:\/\/www.alarmautomatika.com\/hr\/wp-json\/wp\/v2\/posts\/15073\/revisions"}],"wp:featuredmedia":[{"embeddable":true,"href":"https:\/\/www.alarmautomatika.com\/hr\/wp-json\/wp\/v2\/media\/15076"}],"wp:attachment":[{"href":"https:\/\/www.alarmautomatika.com\/hr\/wp-json\/wp\/v2\/media?parent=15073"}],"wp:term":[{"taxonomy":"category","embeddable":true,"href":"https:\/\/www.alarmautomatika.com\/hr\/wp-json\/wp\/v2\/categories?post=15073"},{"taxonomy":"post_tag","embeddable":true,"href":"https:\/\/www.alarmautomatika.com\/hr\/wp-json\/wp\/v2\/tags?post=15073"}],"curies":[{"name":"wp","href":"https:\/\/api.w.org\/{rel}","templated":true}]}}