{"id":15368,"date":"2019-03-29T13:55:49","date_gmt":"2019-03-29T12:55:49","guid":{"rendered":"https:\/\/www.alarmautomatika.com\/?p=15368"},"modified":"2021-07-02T13:56:50","modified_gmt":"2021-07-02T11:56:50","slug":"odrzana-konferencija-sigurnost-gradova-2019","status":"publish","type":"post","link":"https:\/\/www.alarmautomatika.com\/hr\/novosti\/odrzana-konferencija-sigurnost-gradova-2019\/","title":{"rendered":"Odr\u017eana konferencija Sigurnost gradova 2019."},"content":{"rendered":"<p>[et_pb_section fb_built=&#8221;1&#8243; _builder_version=&#8221;4.9.7&#8243; _module_preset=&#8221;default&#8221;][et_pb_row _builder_version=&#8221;4.9.7&#8243; _module_preset=&#8221;default&#8221;][et_pb_column _builder_version=&#8221;4.9.7&#8243; _module_preset=&#8221;default&#8221; type=&#8221;4_4&#8243;][et_pb_text _builder_version=&#8221;4.9.7&#8243; _module_preset=&#8221;default&#8221; hover_enabled=&#8221;0&#8243; sticky_enabled=&#8221;0&#8243;]Pod pokroviteljstvom Grada Rijeke, Primorsko-goranske \u017eupanije i Hrvatskog ceha za\u0161titara, a u organizaciji \u010dasopisa Za\u0161tita u Rijeci je 26. i 27. o\u017eujka 2019. odr\u017eana 11. regionalna konferencija Sigurnost gradova 2019.<\/p>\n<p>Na konferenciji se okupilo vi\u0161e od 100 sudionika, uglavnom gradona\u010delnika i predstavnika gradova i op\u0107ina za koje je pripremljen niz predavanja o aktualnim temama vezanima za sigurnost i nadzor gradova. Tom prilikom je gospodin Darko Gelo odr\u017eao predavanje Cyber Security i sustav videonadzora u gradovima i prikazao suvremena rje\u0161enja za\u0161tite od razli\u010ditih cyber napada kao \u0161to su detekcija brute force i botnet napada i trenuta\u010dne kontrole posljedica takvih poku\u0161aja.  [\/et_pb_text][\/et_pb_column][\/et_pb_row][\/et_pb_section]<\/p>\n","protected":false},"excerpt":{"rendered":"<p>Pod pokroviteljstvom Grada Rijeke, Primorsko-goranske \u017eupanije i Hrvatskog ceha za\u0161titara, a u organizaciji \u010dasopisa Za\u0161tita u Rijeci je 26. i 27. o\u017eujka 2019. odr\u017eana 11. regionalna konferencija Sigurnost gradova 2019. Na konferenciji se okupilo vi\u0161e od 100 sudionika, uglavnom gradona\u010delnika i predstavnika gradova i op\u0107ina za koje je pripremljen niz predavanja o aktualnim temama vezanima [&hellip;]<\/p>\n","protected":false},"author":15,"featured_media":15371,"comment_status":"closed","ping_status":"closed","sticky":false,"template":"","format":"standard","meta":{"_et_pb_use_builder":"on","_et_pb_old_content":"","_et_gb_content_width":"","footnotes":""},"categories":[1],"tags":[],"class_list":["post-15368","post","type-post","status-publish","format-standard","has-post-thumbnail","hentry","category-novosti"],"_links":{"self":[{"href":"https:\/\/www.alarmautomatika.com\/hr\/wp-json\/wp\/v2\/posts\/15368","targetHints":{"allow":["GET"]}}],"collection":[{"href":"https:\/\/www.alarmautomatika.com\/hr\/wp-json\/wp\/v2\/posts"}],"about":[{"href":"https:\/\/www.alarmautomatika.com\/hr\/wp-json\/wp\/v2\/types\/post"}],"author":[{"embeddable":true,"href":"https:\/\/www.alarmautomatika.com\/hr\/wp-json\/wp\/v2\/users\/15"}],"replies":[{"embeddable":true,"href":"https:\/\/www.alarmautomatika.com\/hr\/wp-json\/wp\/v2\/comments?post=15368"}],"version-history":[{"count":0,"href":"https:\/\/www.alarmautomatika.com\/hr\/wp-json\/wp\/v2\/posts\/15368\/revisions"}],"wp:featuredmedia":[{"embeddable":true,"href":"https:\/\/www.alarmautomatika.com\/hr\/wp-json\/wp\/v2\/media\/15371"}],"wp:attachment":[{"href":"https:\/\/www.alarmautomatika.com\/hr\/wp-json\/wp\/v2\/media?parent=15368"}],"wp:term":[{"taxonomy":"category","embeddable":true,"href":"https:\/\/www.alarmautomatika.com\/hr\/wp-json\/wp\/v2\/categories?post=15368"},{"taxonomy":"post_tag","embeddable":true,"href":"https:\/\/www.alarmautomatika.com\/hr\/wp-json\/wp\/v2\/tags?post=15368"}],"curies":[{"name":"wp","href":"https:\/\/api.w.org\/{rel}","templated":true}]}}