{"id":38571,"date":"2022-12-16T14:03:16","date_gmt":"2022-12-16T13:03:16","guid":{"rendered":"https:\/\/www.alarmautomatika.com\/?p=38571"},"modified":"2022-12-19T14:37:31","modified_gmt":"2022-12-19T13:37:31","slug":"u-zagrebu-01-i-02-12-2022-odrzana-je-konferencija-otpornost-kriticne-infrastrukture","status":"publish","type":"post","link":"https:\/\/www.alarmautomatika.com\/hr\/novosti\/u-zagrebu-01-i-02-12-2022-odrzana-je-konferencija-otpornost-kriticne-infrastrukture\/","title":{"rendered":"U Zagrebu 01. i 02. 12. 2022. odr\u017eana je konferencija \u201eOtpornost kriti\u010dne infrastrukture\u201c"},"content":{"rendered":"<p>[et_pb_section fb_built=&#8221;1&#8243; admin_label=&#8221;section&#8221; _builder_version=&#8221;4.16&#8243; global_colors_info=&#8221;{}&#8221;][et_pb_row admin_label=&#8221;row&#8221; _builder_version=&#8221;4.16&#8243; background_size=&#8221;initial&#8221; background_position=&#8221;top_left&#8221; background_repeat=&#8221;repeat&#8221; global_colors_info=&#8221;{}&#8221;][et_pb_column type=&#8221;4_4&#8243; _builder_version=&#8221;4.16&#8243; custom_padding=&#8221;|||&#8221; global_colors_info=&#8221;{}&#8221; custom_padding__hover=&#8221;|||&#8221;][et_pb_text _builder_version=&#8221;4.19.4&#8243; _module_preset=&#8221;default&#8221; hover_enabled=&#8221;0&#8243; global_colors_info=&#8221;{}&#8221; sticky_enabled=&#8221;0&#8243;]<\/p>\n<p>ASIS Croatia Chapter u suradnji sa RACVIAC-om, Konrad Adenauer Stiftungom (KAS) i \u010dasopisom Za\u0161tita okupili su vrhunske stru\u010dnjake iz Republike Hrvatske i inozemstva koji su govorili o klju\u010dnim sigurnosnim izazovima s kojima se u industriji i za\u0161titi kriti\u010dnih infrastruktura, klju\u010dnih i digitalnih usluga susre\u0107u, suvremenim rje\u0161enjima te iskoraku na me\u0111unarodno tr\u017ei\u0161te.<\/p>\n<p>Naglasak je bio na dijalog, kvalitetna suradnju i razmjenu najboljih praksi izme\u0111u javnog, privatnog i znanstvenog sektora.<br \/>Alarma Automatika sudjelovala je u programu i Renata Don\u010devi\u0107 mag.ing.el. odr\u017eala je prezentaciju pod nazivom \u201eVA\u017dNOST TEHNI\u010cKE ZA\u0160TITE U JA\u010cANJU OTPORNOSTI KRITI\u010cNE INFRASTRUKTURE \u201e.<\/p>\n<p>Cilj konferencije je bio da se \u010duju i razmijene razli\u010diti pogledi na va\u017enost i provedbu javno-privatnih partnerstava s globalne i regionalne na nacionalnu razinu, najbolje prakse provedbe, kao i preporuke za ja\u010danje suradnje.<\/p>\n<p>&nbsp;<\/p>\n<p>[\/et_pb_text][et_pb_gallery gallery_ids=&#8221;38707,38718,38729,38740&#8243; _builder_version=&#8221;4.19.3&#8243; _module_preset=&#8221;default&#8221; global_colors_info=&#8221;{}&#8221;][\/et_pb_gallery][et_pb_text _builder_version=&#8221;4.19.4&#8243; _module_preset=&#8221;default&#8221; hover_enabled=&#8221;0&#8243; sticky_enabled=&#8221;0&#8243;]<\/p>\n<p>Vi\u0161e pogledajte u galeriji slika:<\/p>\n<p>[\/et_pb_text][et_pb_button button_url=&#8221;https:\/\/drive.google.com\/drive\/folders\/1BxSxmUE1GpRcv2tpc3jIM5femAHTNEkC?usp=share_link&#8221; url_new_window=&#8221;on&#8221; button_text=&#8221;Fotogalerija &#8221; button_alignment=&#8221;center&#8221; _builder_version=&#8221;4.19.3&#8243; _module_preset=&#8221;default&#8221; global_colors_info=&#8221;{}&#8221; button_text__hover_enabled=&#8221;on|desktop&#8221; button_text__hover=&#8221;Fotogalerija &#8220;][\/et_pb_button][\/et_pb_column][\/et_pb_row][\/et_pb_section]<\/p>\n","protected":false},"excerpt":{"rendered":"<p>ASIS Croatia Chapter u suradnji sa RACVIAC-om, Konrad Adenauer Stiftungom (KAS) i \u010dasopisom Za\u0161tita okupili su vrhunske stru\u010dnjake iz Republike Hrvatske i inozemstva koji su govorili o klju\u010dnim sigurnosnim izazovima s kojima se u industriji i za\u0161titi kriti\u010dnih infrastruktura, klju\u010dnih i digitalnih usluga susre\u0107u, suvremenim rje\u0161enjima te iskoraku na me\u0111unarodno tr\u017ei\u0161te. Naglasak je bio na [&hellip;]<\/p>\n","protected":false},"author":15,"featured_media":38574,"comment_status":"closed","ping_status":"closed","sticky":false,"template":"","format":"standard","meta":{"_et_pb_use_builder":"on","_et_pb_old_content":"","_et_gb_content_width":"","footnotes":""},"categories":[1],"tags":[],"class_list":["post-38571","post","type-post","status-publish","format-standard","has-post-thumbnail","hentry","category-novosti"],"_links":{"self":[{"href":"https:\/\/www.alarmautomatika.com\/hr\/wp-json\/wp\/v2\/posts\/38571","targetHints":{"allow":["GET"]}}],"collection":[{"href":"https:\/\/www.alarmautomatika.com\/hr\/wp-json\/wp\/v2\/posts"}],"about":[{"href":"https:\/\/www.alarmautomatika.com\/hr\/wp-json\/wp\/v2\/types\/post"}],"author":[{"embeddable":true,"href":"https:\/\/www.alarmautomatika.com\/hr\/wp-json\/wp\/v2\/users\/15"}],"replies":[{"embeddable":true,"href":"https:\/\/www.alarmautomatika.com\/hr\/wp-json\/wp\/v2\/comments?post=38571"}],"version-history":[{"count":0,"href":"https:\/\/www.alarmautomatika.com\/hr\/wp-json\/wp\/v2\/posts\/38571\/revisions"}],"wp:featuredmedia":[{"embeddable":true,"href":"https:\/\/www.alarmautomatika.com\/hr\/wp-json\/wp\/v2\/media\/38574"}],"wp:attachment":[{"href":"https:\/\/www.alarmautomatika.com\/hr\/wp-json\/wp\/v2\/media?parent=38571"}],"wp:term":[{"taxonomy":"category","embeddable":true,"href":"https:\/\/www.alarmautomatika.com\/hr\/wp-json\/wp\/v2\/categories?post=38571"},{"taxonomy":"post_tag","embeddable":true,"href":"https:\/\/www.alarmautomatika.com\/hr\/wp-json\/wp\/v2\/tags?post=38571"}],"curies":[{"name":"wp","href":"https:\/\/api.w.org\/{rel}","templated":true}]}}