{"id":61259,"date":"2026-08-31T13:07:06","date_gmt":"2026-08-31T11:07:06","guid":{"rendered":"https:\/\/www.alarmautomatika.com\/?p=61259"},"modified":"2026-08-31T13:07:26","modified_gmt":"2026-08-31T11:07:26","slug":"alarm-automatika-na-danima-inzenjera-elektrotehnike-u-skopju","status":"publish","type":"post","link":"https:\/\/www.alarmautomatika.com\/hr\/novosti\/alarm-automatika-na-danima-inzenjera-elektrotehnike-u-skopju\/","title":{"rendered":"Alarm automatika na Danima in\u017eenjera elektrotehnike u Skopju"},"content":{"rendered":"<p>[et_pb_section fb_built=&#8221;1&#8243; admin_label=&#8221;section&#8221; _builder_version=&#8221;4.16&#8243; global_colors_info=&#8221;{}&#8221;][et_pb_row admin_label=&#8221;row&#8221; _builder_version=&#8221;4.16&#8243; background_size=&#8221;initial&#8221; background_position=&#8221;top_left&#8221; background_repeat=&#8221;repeat&#8221; global_colors_info=&#8221;{}&#8221;][et_pb_column type=&#8221;4_4&#8243; _builder_version=&#8221;4.16&#8243; custom_padding=&#8221;|||&#8221; global_colors_info=&#8221;{}&#8221; custom_padding__hover=&#8221;|||&#8221;][et_pb_text _builder_version=&#8221;4.27.8&#8243; _module_preset=&#8221;default&#8221; hover_enabled=&#8221;0&#8243; sticky_enabled=&#8221;0&#8243;]<\/p>\n<p>U organizaciji Odjela za elektrotehniku \u200b\u200bpri Komori ovla\u0161tenih arhitekata i ovla\u0161tenih in\u017eenjera Makedonije, <strong>u Skopju se 17. i 18. rujna 2026. odr\u017eavaju 3. Dani elektroin\u017eenjera<\/strong>.<\/p>\n<p>Alarm automatika \u0107e aktivno sudjelovati na ovom va\u017enom doga\u0111aju posve\u0107enom razmjeni znanja, iskustava i najnovijih dostignu\u0107a u podru\u010dju elektrotehnike. Kolegica Mimi Prochkova \u0107e odr\u017eati prezentaciju <strong>Rje\u0161enja dojave po\u017eara u javnim objektima<\/strong> te opisati primjere i specifi\u010dnosti <strong>implementacije dojave po\u017eara u Muzeju grada Splita u Hrvatskoj<\/strong> i <strong>Osnovnoj \u0161koli\u00a0 u rumunjskom Bukure\u0161tu<\/strong>.<\/p>\n<p>Na <strong>izlo\u017ebenom prostoru Alarm automatike<\/strong> sudionici \u0107e imati priliku saznati vi\u0161e o kori\u0161tenoj opremi i primijenjenim tehni\u010dkim rje\u0161enjima.<\/p>\n<p>[\/et_pb_text][\/et_pb_column][\/et_pb_row][\/et_pb_section]<\/p>\n","protected":false},"excerpt":{"rendered":"<p>U organizaciji Odjela za elektrotehniku \u200b\u200bpri Komori ovla\u0161tenih arhitekata i ovla\u0161tenih in\u017eenjera Makedonije, u Skopju se 17. i 18. rujna 2026. odr\u017eavaju 3. Dani elektroin\u017eenjera. Alarm automatika \u0107e aktivno sudjelovati na ovom va\u017enom doga\u0111aju posve\u0107enom razmjeni znanja, iskustava i najnovijih dostignu\u0107a u podru\u010dju elektrotehnike. Kolegica Mimi Prochkova \u0107e odr\u017eati prezentaciju Rje\u0161enja dojave po\u017eara u javnim [&hellip;]<\/p>\n","protected":false},"author":14,"featured_media":61262,"comment_status":"closed","ping_status":"closed","sticky":false,"template":"","format":"standard","meta":{"_et_pb_use_builder":"on","_et_pb_old_content":"","_et_gb_content_width":"","footnotes":""},"categories":[1],"tags":[],"class_list":["post-61259","post","type-post","status-publish","format-standard","has-post-thumbnail","hentry","category-novosti"],"_links":{"self":[{"href":"https:\/\/www.alarmautomatika.com\/hr\/wp-json\/wp\/v2\/posts\/61259","targetHints":{"allow":["GET"]}}],"collection":[{"href":"https:\/\/www.alarmautomatika.com\/hr\/wp-json\/wp\/v2\/posts"}],"about":[{"href":"https:\/\/www.alarmautomatika.com\/hr\/wp-json\/wp\/v2\/types\/post"}],"author":[{"embeddable":true,"href":"https:\/\/www.alarmautomatika.com\/hr\/wp-json\/wp\/v2\/users\/14"}],"replies":[{"embeddable":true,"href":"https:\/\/www.alarmautomatika.com\/hr\/wp-json\/wp\/v2\/comments?post=61259"}],"version-history":[{"count":1,"href":"https:\/\/www.alarmautomatika.com\/hr\/wp-json\/wp\/v2\/posts\/61259\/revisions"}],"predecessor-version":[{"id":61263,"href":"https:\/\/www.alarmautomatika.com\/hr\/wp-json\/wp\/v2\/posts\/61259\/revisions\/61263"}],"wp:featuredmedia":[{"embeddable":true,"href":"https:\/\/www.alarmautomatika.com\/hr\/wp-json\/wp\/v2\/media\/61262"}],"wp:attachment":[{"href":"https:\/\/www.alarmautomatika.com\/hr\/wp-json\/wp\/v2\/media?parent=61259"}],"wp:term":[{"taxonomy":"category","embeddable":true,"href":"https:\/\/www.alarmautomatika.com\/hr\/wp-json\/wp\/v2\/categories?post=61259"},{"taxonomy":"post_tag","embeddable":true,"href":"https:\/\/www.alarmautomatika.com\/hr\/wp-json\/wp\/v2\/tags?post=61259"}],"curies":[{"name":"wp","href":"https:\/\/api.w.org\/{rel}","templated":true}]}}