{"id":59263,"date":"2026-02-03T11:01:13","date_gmt":"2026-02-03T10:01:13","guid":{"rendered":"https:\/\/www.alarmautomatika.com\/uncategorized-hu\/az-alarm-automatika-uj-fejezetet-nyit-rijekaban-a-regiobol-erkezo-170-kollegaval\/"},"modified":"2026-02-04T12:28:48","modified_gmt":"2026-02-04T11:28:48","slug":"az-alarm-automatika-uj-fejezetet-nyit-rijekaban-a-regiobol-erkezo-170-kollegaval","status":"publish","type":"post","link":"https:\/\/www.alarmautomatika.com\/hu\/uncategorized-hu\/az-alarm-automatika-uj-fejezetet-nyit-rijekaban-a-regiobol-erkezo-170-kollegaval\/","title":{"rendered":"Az Alarm automatika \u00faj fejezetet nyit Rijek\u00e1ban a r\u00e9gi\u00f3b\u00f3l \u00e9rkez\u0151 170 koll\u00e9g\u00e1val"},"content":{"rendered":"<p>[et_pb_section fb_built=&#8221;1&#8243; admin_label=&#8221;section&#8221; _builder_version=&#8221;4.16&#8243; global_colors_info=&#8221;{}&#8221;][et_pb_row admin_label=&#8221;row&#8221; _builder_version=&#8221;4.16&#8243; background_size=&#8221;initial&#8221; background_position=&#8221;top_left&#8221; background_repeat=&#8221;repeat&#8221; global_colors_info=&#8221;{}&#8221;][et_pb_column type=&#8221;4_4&#8243; _builder_version=&#8221;4.16&#8243; custom_padding=&#8221;|||&#8221; global_colors_info=&#8221;{}&#8221; custom_padding__hover=&#8221;|||&#8221;][et_pb_text _builder_version=&#8221;4.27.5&#8243; _module_preset=&#8221;default&#8221; hover_enabled=&#8221;0&#8243; sticky_enabled=&#8221;0&#8243;]<\/p>\n<p>2026. janu\u00e1r 29-\u00e9n, cs\u00fct\u00f6rt\u00f6k\u00f6n az Alarm automatika \u00faj otthon\u00e1ban \u2013 <strong>abban a v\u00e1rosban, ahol a c\u00e9g t\u00f6rt\u00e9nete t\u00f6bb mint 35 \u00e9ve elkezd\u0151d\u00f6tt, Rijek\u00e1ban<\/strong> \u2013 gy\u0171jt\u00f6tte \u00f6ssze region\u00e1lis csapat\u00e1t.<\/p>\n<p><\/p>\n<p>Ebb\u0151l az alkalomb\u00f3l mintegy <strong>170 koll\u00e9ga \u00e9rkezett a r\u00e9gi\u00f3 k\u00fcl\u00f6nb\u00f6z\u0151 orsz\u00e1gaib\u00f3l<\/strong> \u2013 Horv\u00e1torsz\u00e1gb\u00f3l, Bosznia-Hercegovin\u00e1b\u00f3l, Montenegr\u00f3b\u00f3l, Szerbi\u00e1b\u00f3l, \u00c9szak-Maced\u00f3ni\u00e1b\u00f3l, Alb\u00e1ni\u00e1b\u00f3l, Rom\u00e1ni\u00e1b\u00f3l, Bulg\u00e1ri\u00e1b\u00f3l, Szlov\u00e9ni\u00e1b\u00f3l, Szlov\u00e1ki\u00e1b\u00f3l \u00e9s Magyarorsz\u00e1gr\u00f3l \u2013, hogy meg\u00fcnnepeljenek egy fontos m\u00e9rf\u00f6ldk\u00f6vet a v\u00e1llalat \u00e9let\u00e9ben, \u00e9s megtekints\u00e9k a rijekai csapat \u00faj irod\u00e1it.<\/p>\n<p><\/p>\n<p>Az \u00faj munkat\u00e9r modern, nyitott irodat\u00e9r-koncepci\u00f3ra \u00e9p\u00fcl, t\u00f6bb term\u00e9szetes f\u00e9nyt \u00e9s t\u00f6bb egy\u00e9ni munkater\u00fcletet k\u00edn\u00e1lva, egy\u00e9rtelm\u0171 f\u00f3kuszt helyezve a csapatok k\u00f6z\u00f6tti egy\u00fcttm\u0171k\u00f6d\u00e9s \u00e9s kommunik\u00e1ci\u00f3 er\u0151s\u00edt\u00e9s\u00e9re. Az irod\u00e1k \u00fagy lettek kialak\u00edtva, hogy t\u00e1mogass\u00e1k a csapatmunk\u00e1t, mik\u00f6zben k\u00e9nyelmes, funkcion\u00e1lis k\u00f6rnyezetet biztos\u00edtanak, amely lehet\u0151v\u00e9 teszi a n\u00f6veked\u00e9st, a fejl\u0151d\u00e9st \u00e9s a m\u00e9g jobb eredm\u00e9nyeket.<\/p>\n<p>[\/et_pb_text][\/et_pb_column][\/et_pb_row][et_pb_row _builder_version=&#8221;4.27.5&#8243; _module_preset=&#8221;default&#8221; column_structure=&#8221;1_2,1_2&#8243;][et_pb_column _builder_version=&#8221;4.27.5&#8243; _module_preset=&#8221;default&#8221; type=&#8221;1_2&#8243;][et_pb_image _builder_version=&#8221;4.27.5&#8243; _module_preset=&#8221;default&#8221; title_text=&#8221;2026_01_AA_nova_zgrada&#8221; src=&#8221;https:\/\/www.alarmautomatika.com\/wp-content\/uploads\/2026\/02\/2026_01_AA_nova_zgrada-scaled.jpg&#8221; hover_enabled=&#8221;0&#8243; sticky_enabled=&#8221;0&#8243;][\/et_pb_image][\/et_pb_column][et_pb_column _builder_version=&#8221;4.27.5&#8243; _module_preset=&#8221;default&#8221; type=&#8221;1_2&#8243;][et_pb_image _builder_version=&#8221;4.27.5&#8243; _module_preset=&#8221;default&#8221; title_text=&#8221;2026_01_AA_nova_zgrada (2)&#8221; src=&#8221;https:\/\/www.alarmautomatika.com\/wp-content\/uploads\/2026\/02\/2026_01_AA_nova_zgrada-2-scaled.jpg&#8221; hover_enabled=&#8221;0&#8243; sticky_enabled=&#8221;0&#8243;][\/et_pb_image][\/et_pb_column][\/et_pb_row][et_pb_row _builder_version=&#8221;4.27.5&#8243; _module_preset=&#8221;default&#8221;][et_pb_column _builder_version=&#8221;4.27.5&#8243; _module_preset=&#8221;default&#8221; type=&#8221;4_4&#8243;][et_pb_text _builder_version=&#8221;4.27.5&#8243; _module_preset=&#8221;default&#8221; hover_enabled=&#8221;0&#8243; sticky_enabled=&#8221;0&#8243;]<\/p>\n<p>M\u00e1r az els\u0151 napt\u00f3l nyilv\u00e1nval\u00f3v\u00e1 v\u00e1lt, hogy az \u00faj irod\u00e1k val\u00f3ban bet\u00f6ltik c\u00e9ljukat. R\u00f6gt\u00f6n teljes kapacit\u00e1son \u201evizsg\u00e1ztak\u201d \u2013 nevet\u00e9ssel, t\u00f6bbnyelv\u0171 besz\u00e9lget\u00e9sekkel \u00e9s a folyos\u00f3kon \u00e1rad\u00f3 pezsg\u0151 energi\u00e1val teltek meg. Ez az \u00f6sszej\u00f6vetel azonban t\u00f6bbr\u0151l sz\u00f3lt a k\u00f6tetlen tal\u00e1lkoz\u00e1sn\u00e1l (noha a tengerre ny\u00edl\u00f3 kil\u00e1t\u00e1s remek b\u00f3nusz volt). A rendezv\u00e9ny k\u00f6z\u00e9ppontj\u00e1ban a munkat\u00e1rsak k\u00e9pz\u00e9se \u00e1llt, hiszen egyetlen tal\u00e1lkoz\u00f3 sem teljes a tud\u00e1smegoszt\u00e1s, az \u00faj n\u00e9z\u0151pontok \u00e9s azok az \u00e9rt\u00e9kes \u201eaha-pillanatok\u201d n\u00e9lk\u00fcl, amelyeket a mindennapi munk\u00e1nkba visz\u00fcnk.<\/p>\n<p>[\/et_pb_text][et_pb_image _builder_version=&#8221;4.27.5&#8243; _module_preset=&#8221;default&#8221; title_text=&#8221;2026_01_AA_interna-edukacija_follow_up_team&#8221; src=&#8221;https:\/\/www.alarmautomatika.com\/wp-content\/uploads\/2026\/02\/2026_01_AA_interna-edukacija_follow_up_team-scaled.jpg&#8221; hover_enabled=&#8221;0&#8243; sticky_enabled=&#8221;0&#8243;][\/et_pb_image][et_pb_text _builder_version=&#8221;4.27.5&#8243; _module_preset=&#8221;default&#8221; hover_enabled=&#8221;0&#8243; sticky_enabled=&#8221;0&#8243;]<\/p>\n<p>Az oktat\u00e1si szekci\u00f3k k\u00f6z\u00f6tt koll\u00e9g\u00e1ink egy gasztrosarok k\u00edn\u00e1lat\u00e1t \u00e9lvezhett\u00e9k, amely az \u00f6sszes olyan orsz\u00e1g \u00edzeit felvonultatta, ahol m\u0171k\u00f6d\u00fcnk \u2013 egy apr\u00f3 eur\u00f3pai k\u00f6r\u00fat, \u00fatlev\u00e9l n\u00e9lk\u00fcl. A versenyszellem\u0171eknek a darts \u00e9s a csocs\u00f3 adott extra lend\u00fcletet, eml\u00e9keztetve arra, milyen fontos a pontoss\u00e1g, a gyors reakci\u00f3 \u00e9s a csapatmunka \u2013 j\u00e1t\u00e9kban \u00e9s \u00fczletben egyar\u00e1nt. Gratul\u00e1lunk a gy\u0151zteseknek, \u00e9s mindenkinek, aki nagy lelkesed\u00e9ssel \u00e9s b\u00fcszk\u00e9n k\u00e9pviselte irod\u00e1j\u00e1t.<\/p>\n<p><\/p>\n<p>Hatalmas k\u00f6sz\u00f6net mindenkinek, aki r\u00e9szt vett ennek a komoly logisztikai v\u00e1llalkoz\u00e1snak a megszervez\u00e9s\u00e9ben, \u00e9s mind a 170 koll\u00e9g\u00e1nak, akik megmutatt\u00e1k, mit is jelent val\u00f3j\u00e1ban a csapatszellem az Alarm automatik\u00e1n\u00e1l.<\/p>\n<p><\/p>\n<p>Ha ez m\u00e9g csak a kezdet, 2026 m\u00e1r most nagyon \u00edg\u00e9retes \u00e9vnek t\u0171nik.<\/p>\n<p><\/p>\n<p>Tekintse meg az \u00f6sszej\u00f6vetel\u00fcnk kiemelt pillanatait al\u00e1bbi linken.<\/p>\n<p>[\/et_pb_text][et_pb_button button_url=&#8221;https:\/\/drive.google.com\/drive\/folders\/1ESUYCn6f37XJMcUSd8FUiqI7U4MLo7AR?usp=sharing&#8221; url_new_window=&#8221;on&#8221; button_text=&#8221;Fot\u00f3gal\u00e9ria &#8221; button_alignment=&#8221;center&#8221; disabled_on=&#8221;off|off|off&#8221; _builder_version=&#8221;4.27.5&#8243; _module_preset=&#8221;default&#8221; custom_button=&#8221;on&#8221; button_text_size=&#8221;14px&#8221; button_font=&#8221;|600|||||||&#8221; button_use_icon=&#8221;off&#8221; custom_padding=&#8221;14px|53px|14px|53px|true|true&#8221; hover_enabled=&#8221;0&#8243; global_colors_info=&#8221;{}&#8221; theme_builder_area=&#8221;post_content&#8221; sticky_enabled=&#8221;0&#8243;][\/et_pb_button][\/et_pb_column][\/et_pb_row][\/et_pb_section]<\/p>\n","protected":false},"excerpt":{"rendered":"<p>2026. janu\u00e1r 29-\u00e9n, cs\u00fct\u00f6rt\u00f6k\u00f6n az Alarm automatika \u00faj otthon\u00e1ban \u2013 abban a v\u00e1rosban, ahol a c\u00e9g t\u00f6rt\u00e9nete t\u00f6bb mint 35 \u00e9ve elkezd\u0151d\u00f6tt, Rijek\u00e1ban \u2013 gy\u0171jt\u00f6tte \u00f6ssze region\u00e1lis csapat\u00e1t.Ebb\u0151l az alkalomb\u00f3l mintegy 170 koll\u00e9ga \u00e9rkezett a r\u00e9gi\u00f3 k\u00fcl\u00f6nb\u00f6z\u0151 orsz\u00e1gaib\u00f3l \u2013 Horv\u00e1torsz\u00e1gb\u00f3l, Bosznia-Hercegovin\u00e1b\u00f3l, Montenegr\u00f3b\u00f3l, Szerbi\u00e1b\u00f3l, \u00c9szak-Maced\u00f3ni\u00e1b\u00f3l, Alb\u00e1ni\u00e1b\u00f3l, Rom\u00e1ni\u00e1b\u00f3l, Bulg\u00e1ri\u00e1b\u00f3l, Szlov\u00e9ni\u00e1b\u00f3l, Szlov\u00e1ki\u00e1b\u00f3l \u00e9s Magyarorsz\u00e1gr\u00f3l \u2013, hogy meg\u00fcnnepeljenek egy [&hellip;]<\/p>\n","protected":false},"author":14,"featured_media":59262,"comment_status":"closed","ping_status":"closed","sticky":false,"template":"","format":"standard","meta":{"_et_pb_use_builder":"on","_et_pb_old_content":"","_et_gb_content_width":"","footnotes":""},"categories":[44],"tags":[],"class_list":["post-59263","post","type-post","status-publish","format-standard","has-post-thumbnail","hentry","category-uncategorized-hu"],"_links":{"self":[{"href":"https:\/\/www.alarmautomatika.com\/hu\/wp-json\/wp\/v2\/posts\/59263","targetHints":{"allow":["GET"]}}],"collection":[{"href":"https:\/\/www.alarmautomatika.com\/hu\/wp-json\/wp\/v2\/posts"}],"about":[{"href":"https:\/\/www.alarmautomatika.com\/hu\/wp-json\/wp\/v2\/types\/post"}],"author":[{"embeddable":true,"href":"https:\/\/www.alarmautomatika.com\/hu\/wp-json\/wp\/v2\/users\/14"}],"replies":[{"embeddable":true,"href":"https:\/\/www.alarmautomatika.com\/hu\/wp-json\/wp\/v2\/comments?post=59263"}],"version-history":[{"count":2,"href":"https:\/\/www.alarmautomatika.com\/hu\/wp-json\/wp\/v2\/posts\/59263\/revisions"}],"predecessor-version":[{"id":59265,"href":"https:\/\/www.alarmautomatika.com\/hu\/wp-json\/wp\/v2\/posts\/59263\/revisions\/59265"}],"wp:featuredmedia":[{"embeddable":true,"href":"https:\/\/www.alarmautomatika.com\/hu\/wp-json\/wp\/v2\/media\/59262"}],"wp:attachment":[{"href":"https:\/\/www.alarmautomatika.com\/hu\/wp-json\/wp\/v2\/media?parent=59263"}],"wp:term":[{"taxonomy":"category","embeddable":true,"href":"https:\/\/www.alarmautomatika.com\/hu\/wp-json\/wp\/v2\/categories?post=59263"},{"taxonomy":"post_tag","embeddable":true,"href":"https:\/\/www.alarmautomatika.com\/hu\/wp-json\/wp\/v2\/tags?post=59263"}],"curies":[{"name":"wp","href":"https:\/\/api.w.org\/{rel}","templated":true}]}}