{"id":59307,"date":"2026-02-03T11:01:13","date_gmt":"2026-02-03T10:01:13","guid":{"rendered":"https:\/\/www.alarmautomatika.com\/spravy\/alarm-automatika-otvara-novu-kapitolu-v-rijeke-so-170-kolegami-z-celeho-regionu\/"},"modified":"2026-02-04T14:07:33","modified_gmt":"2026-02-04T13:07:33","slug":"alarm-automatika-otvara-novu-kapitolu-v-rijeke-so-170-kolegami-z-celeho-regionu","status":"publish","type":"post","link":"https:\/\/www.alarmautomatika.com\/sk\/spravy\/alarm-automatika-otvara-novu-kapitolu-v-rijeke-so-170-kolegami-z-celeho-regionu\/","title":{"rendered":"Alarm automatika otv\u00e1ra nov\u00fa kapitolu v Rijeke so 170 kolegami z cel\u00e9ho regi\u00f3nu"},"content":{"rendered":"<p>[et_pb_section fb_built=&#8220;1&#8243; admin_label=&#8220;section&#8220; _builder_version=&#8220;4.16&#8243; global_colors_info=&#8220;{}&#8220;][et_pb_row admin_label=&#8220;row&#8220; _builder_version=&#8220;4.16&#8243; background_size=&#8220;initial&#8220; background_position=&#8220;top_left&#8220; background_repeat=&#8220;repeat&#8220; global_colors_info=&#8220;{}&#8220;][et_pb_column type=&#8220;4_4&#8243; _builder_version=&#8220;4.16&#8243; custom_padding=&#8220;|||&#8220; global_colors_info=&#8220;{}&#8220; custom_padding__hover=&#8220;|||&#8220;][et_pb_text _builder_version=&#8220;4.27.5&#8243; _module_preset=&#8220;default&#8220; hover_enabled=&#8220;0&#8243; sticky_enabled=&#8220;0&#8243;]<\/p>\n<p>Vo \u0161tvrtok 29. janu\u00e1ra 2026 Alarm automatika <strong>zvolala svoj region\u00e1lny t\u00edm v novej budove<\/strong> \u2013 pr\u00e1ve na mieste, kde sa pred viac ako 35 rokmi za\u010dal pr\u00edbeh spolo\u010dnosti: v Rijeke.<\/p>\n<p><\/p>\n<p>Pri tejto pr\u00edle\u017eitosti sa v Rijeke zi\u0161lo pribli\u017ene <strong>170 kolegov z cel\u00e9ho regi\u00f3nu<\/strong> \u2013 z Chorv\u00e1tska, Bosny a Hercegoviny, \u010ciernej Hory, Srbska, Severn\u00e9ho Maced\u00f3nska, Alb\u00e1nska, Rumunska, Bulharska, Slovinska, Slovenska a Ma\u010farska \u2013 aby osl\u00e1vili d\u00f4le\u017eit\u00fd m\u00ed\u013enik pre spolo\u010dnos\u0165 a nav\u0161t\u00edvili nov\u00e9 kancel\u00e1rie t\u00edmu v Rieke.<\/p>\n<p><\/p>\n<p>Nov\u00fd pracovn\u00fd priestor bol navrhnut\u00fd pod\u013ea modern\u00e9ho konceptu otvoren\u00e9ho priestoru, ktor\u00fd pon\u00faka viac prirodzen\u00e9ho svetla a viac individu\u00e1lnych pracovn\u00fdch priestorov, s jasn\u00fdm d\u00f4razom na posilnenie spolupr\u00e1ce a komunik\u00e1cie medzi t\u00edmami. Kancel\u00e1rie s\u00fa prisp\u00f4soben\u00e9 na podporu t\u00edmovej pr\u00e1ce a z\u00e1rove\u0148 poskytuj\u00fa pohodln\u00e9 a funk\u010dn\u00e9 prostredie, ktor\u00e9 umo\u017e\u0148uje rast, rozvoj a e\u0161te lep\u0161ie v\u00fdsledky.<\/p>\n<p>[\/et_pb_text][\/et_pb_column][\/et_pb_row][et_pb_row _builder_version=&#8220;4.27.5&#8243; _module_preset=&#8220;default&#8220; column_structure=&#8220;1_2,1_2&#8243;][et_pb_column _builder_version=&#8220;4.27.5&#8243; _module_preset=&#8220;default&#8220; type=&#8220;1_2&#8243;][et_pb_image _builder_version=&#8220;4.27.5&#8243; _module_preset=&#8220;default&#8220; title_text=&#8220;2026_01_AA_nova_zgrada&#8220; src=&#8220;https:\/\/www.alarmautomatika.com\/wp-content\/uploads\/2026\/02\/2026_01_AA_nova_zgrada-scaled.jpg&#8220; hover_enabled=&#8220;0&#8243; sticky_enabled=&#8220;0&#8243;][\/et_pb_image][\/et_pb_column][et_pb_column _builder_version=&#8220;4.27.5&#8243; _module_preset=&#8220;default&#8220; type=&#8220;1_2&#8243;][et_pb_image _builder_version=&#8220;4.27.5&#8243; _module_preset=&#8220;default&#8220; title_text=&#8220;2026_01_AA_nova_zgrada (2)&#8220; src=&#8220;https:\/\/www.alarmautomatika.com\/wp-content\/uploads\/2026\/02\/2026_01_AA_nova_zgrada-2-scaled.jpg&#8220; hover_enabled=&#8220;0&#8243; sticky_enabled=&#8220;0&#8243;][\/et_pb_image][\/et_pb_column][\/et_pb_row][et_pb_row _builder_version=&#8220;4.27.5&#8243; _module_preset=&#8220;default&#8220;][et_pb_column _builder_version=&#8220;4.27.5&#8243; _module_preset=&#8220;default&#8220; type=&#8220;4_4&#8243;][et_pb_text _builder_version=&#8220;4.27.5&#8243; _module_preset=&#8220;default&#8220; hover_enabled=&#8220;0&#8243; sticky_enabled=&#8220;0&#8243;]<\/p>\n<p>To, \u017ee nov\u00e9 kancel\u00e1rie skuto\u010dne plnia svoj \u00fa\u010del, bolo zrejm\u00e9 od prv\u00e9ho d\u0148a. Boli testovan\u00e9 na pln\u00fd v\u00fdkon \u2013 pln\u00e9 smiechu, viacjazy\u010dn\u00fdch rozhovorov a \u017eivej energie pr\u00fadiacej chodbami. Napriek tomu toto stretnutie nebolo len o neform\u00e1lnom stret\u00e1van\u00ed (aj ke\u010f v\u00fdh\u013ead na more bol ve\u013ek\u00fdm bonusom). <strong>Vzdel\u00e1vanie zamestnancov<\/strong> bolo jadrom podujatia, preto\u017ee \u017eiadne stretnutie nie je \u00fapln\u00e9 bez v\u00fdmeny vedomost\u00ed, nov\u00fdch poh\u013eadov a t\u00fdch cenn\u00fdch &#8222;aha&#8220; momentov, ktor\u00e9 si prin\u00e1\u0161ame do ka\u017edodennej pr\u00e1ce.<\/p>\n<p>[\/et_pb_text][et_pb_image _builder_version=&#8220;4.27.5&#8243; _module_preset=&#8220;default&#8220; title_text=&#8220;2026_01_AA_interna-edukacija_follow_up_team&#8220; src=&#8220;https:\/\/www.alarmautomatika.com\/wp-content\/uploads\/2026\/02\/2026_01_AA_interna-edukacija_follow_up_team-scaled.jpg&#8220; hover_enabled=&#8220;0&#8243; sticky_enabled=&#8220;0&#8243;][\/et_pb_image][et_pb_text _builder_version=&#8220;4.27.5&#8243; _module_preset=&#8220;default&#8220; hover_enabled=&#8220;0&#8243; sticky_enabled=&#8220;0&#8243;]<\/p>\n<p>Medzi vzdel\u00e1vac\u00edmi stretnutiami si kolegovia u\u017e\u00edvali gastro <strong>k\u00fatik<\/strong> s pr\u00edchu\u0165ami zo v\u0161etk\u00fdch kraj\u00edn, kde p\u00f4sob\u00edme \u2013 mal\u00fd eur\u00f3psky z\u00e1jazd bez pasu. Pre t\u00fdch, ktor\u00ed maj\u00fa s\u00fa\u0165a\u017eiv\u00e9ho ducha, <strong>\u0161\u00edpky a stoln\u00fd futbal priniesli<\/strong> extra d\u00e1vku energie, pripom\u00ednaj\u00fac n\u00e1m, ak\u00e9 d\u00f4le\u017eit\u00e9 s\u00fa presnos\u0165, r\u00fdchle reakcie a t\u00edmov\u00e1 spolupr\u00e1ca \u2013 \u010di u\u017e v hre, alebo v biznise. Gratulujeme v\u00ed\u0165azom a v\u0161etk\u00fdm, ktor\u00ed s ve\u013ek\u00fdm nad\u0161en\u00edm reprezentovali svoje kancel\u00e1rie.<\/p>\n<p><\/p>\n<p>Ve\u013ek\u00e1 v\u010faka v\u0161etk\u00fdm, ktor\u00ed sa podie\u013eali na organizovan\u00ed tohto n\u00e1ro\u010dn\u00e9ho logistick\u00e9ho projektu, a ka\u017ed\u00e9mu zo 170 kolegov, ktor\u00ed v Alarm automatika uk\u00e1zali, \u010do t\u00edmov\u00fd duch naozaj znamen\u00e1.<\/p>\n<p><\/p>\n<p>Ak je toto len za\u010diatok, rok 2026 sa u\u017e rysuje ako ve\u013emi dobr\u00fd rok.<\/p>\n<p><\/p>\n<p>Pozrite sa na najzauj\u00edmavej\u0161ie momenty n\u00e1\u0161ho stretnutia ni\u017e\u0161ie.<\/p>\n<p>[\/et_pb_text][et_pb_button button_url=&#8220;https:\/\/drive.google.com\/drive\/folders\/1ESUYCn6f37XJMcUSd8FUiqI7U4MLo7AR?usp=sharing&#8220; url_new_window=&#8220;on&#8220; button_text=&#8220;Fotogal\u00e9ria&#8220; button_alignment=&#8220;center&#8220; disabled_on=&#8220;off|off|off&#8220; _builder_version=&#8220;4.27.5&#8243; _module_preset=&#8220;default&#8220; custom_button=&#8220;on&#8220; button_text_size=&#8220;14px&#8220; button_font=&#8220;|600|||||||&#8220; button_use_icon=&#8220;off&#8220; custom_padding=&#8220;14px|53px|14px|53px|true|true&#8220; hover_enabled=&#8220;0&#8243; global_colors_info=&#8220;{}&#8220; theme_builder_area=&#8220;post_content&#8220; sticky_enabled=&#8220;0&#8243;][\/et_pb_button][\/et_pb_column][\/et_pb_row][\/et_pb_section]<\/p>\n","protected":false},"excerpt":{"rendered":"<p>Vo \u0161tvrtok 29. janu\u00e1ra 2026 Alarm automatika zvolala svoj region\u00e1lny t\u00edm v novej budove \u2013 pr\u00e1ve na mieste, kde sa pred viac ako 35 rokmi za\u010dal pr\u00edbeh spolo\u010dnosti: v Rijeke.Pri tejto pr\u00edle\u017eitosti sa v Rijeke zi\u0161lo pribli\u017ene 170 kolegov z cel\u00e9ho regi\u00f3nu \u2013 z Chorv\u00e1tska, Bosny a Hercegoviny, \u010ciernej Hory, Srbska, Severn\u00e9ho Maced\u00f3nska, Alb\u00e1nska, Rumunska, [&hellip;]<\/p>\n","protected":false},"author":14,"featured_media":59306,"comment_status":"closed","ping_status":"closed","sticky":false,"template":"","format":"standard","meta":{"_et_pb_use_builder":"on","_et_pb_old_content":"","_et_gb_content_width":"","footnotes":""},"categories":[102],"tags":[],"class_list":["post-59307","post","type-post","status-publish","format-standard","has-post-thumbnail","hentry","category-spravy"],"_links":{"self":[{"href":"https:\/\/www.alarmautomatika.com\/sk\/wp-json\/wp\/v2\/posts\/59307","targetHints":{"allow":["GET"]}}],"collection":[{"href":"https:\/\/www.alarmautomatika.com\/sk\/wp-json\/wp\/v2\/posts"}],"about":[{"href":"https:\/\/www.alarmautomatika.com\/sk\/wp-json\/wp\/v2\/types\/post"}],"author":[{"embeddable":true,"href":"https:\/\/www.alarmautomatika.com\/sk\/wp-json\/wp\/v2\/users\/14"}],"replies":[{"embeddable":true,"href":"https:\/\/www.alarmautomatika.com\/sk\/wp-json\/wp\/v2\/comments?post=59307"}],"version-history":[{"count":2,"href":"https:\/\/www.alarmautomatika.com\/sk\/wp-json\/wp\/v2\/posts\/59307\/revisions"}],"predecessor-version":[{"id":59309,"href":"https:\/\/www.alarmautomatika.com\/sk\/wp-json\/wp\/v2\/posts\/59307\/revisions\/59309"}],"wp:featuredmedia":[{"embeddable":true,"href":"https:\/\/www.alarmautomatika.com\/sk\/wp-json\/wp\/v2\/media\/59306"}],"wp:attachment":[{"href":"https:\/\/www.alarmautomatika.com\/sk\/wp-json\/wp\/v2\/media?parent=59307"}],"wp:term":[{"taxonomy":"category","embeddable":true,"href":"https:\/\/www.alarmautomatika.com\/sk\/wp-json\/wp\/v2\/categories?post=59307"},{"taxonomy":"post_tag","embeddable":true,"href":"https:\/\/www.alarmautomatika.com\/sk\/wp-json\/wp\/v2\/tags?post=59307"}],"curies":[{"name":"wp","href":"https:\/\/api.w.org\/{rel}","templated":true}]}}